{"id":2947,"date":"2025-11-18T21:22:52","date_gmt":"2025-11-18T20:22:52","guid":{"rendered":"https:\/\/armeniaca.szymondurczynski.pl\/?p=2947"},"modified":"2025-11-18T21:22:55","modified_gmt":"2025-11-18T20:22:55","slug":"ludobojstwo-ormian-prawdziwa-historia-narodu-ktory-stracil-swoj-swiat-poruszajaca-opowiesc","status":"publish","type":"post","link":"https:\/\/armeniacatour.com\/uk\/ludobojstwo-ormian-prawdziwa-historia-narodu-ktory-stracil-swoj-swiat-poruszajaca-opowiesc\/","title":{"rendered":"Ludob\u00f3jstwo Ormian \u2013 Prawdziwa Historia Narodu, Kt\u00f3ry Straci\u0142 Sw\u00f3j \u015awiat [Poruszaj\u0105ca Opowie\u015b\u0107]"},"content":{"rendered":"<p>To nie jest zwyk\u0142a lekcja historii. To opowie\u015b\u0107 o \u015bwiecie, kt\u00f3ry pewnego dnia przesta\u0142 istnie\u0107 \u2013 o ludziach, kt\u00f3rzy drukowali ksi\u0105\u017cki, \u015bpiewali w ko\u015bcio\u0142ach, wychowywali dzieci, a potem musieli ucieka\u0107, by prze\u017cy\u0107. Historia Ludob\u00f3jstwa Ormian nie zaczyna si\u0119 od wojny, lecz od zaufania, kt\u00f3re zosta\u0142o zdradzone. Podczas <strong>wycieczek do Armenii<\/strong> mo\u017cna dotkn\u0105\u0107 tej historii, odwiedzaj\u0105c memoria\u0142 Tsitsernakaberd w Erywaniu \u2013 miejsce, kt\u00f3re porusza ka\u017cdego odwiedzaj\u0105cego.<\/p>\n\n\n\n<h4 class=\"wp-block-heading\">Ludob\u00f3jstwo Ormian \u2013 historia \u015bwiata, kt\u00f3ry zgas\u0142 nagle<\/h4>\n\n\n\n<p>Zanim przysz\u0142a ciemno\u015b\u0107, by\u0142 \u015bwiat t\u0119tni\u0105cy \u017cyciem. Ormianie w Imperium Osma\u0144skim mieli swoje szko\u0142y, drukarnie, gazety, teatry i ko\u015bcio\u0142y. Byli lekarzami, nauczycielami, kupcami, architektami \u2013 cz\u0119\u015bci\u0105 tkanki miasta i kultury. \u017byli w zgodzie, wierz\u0105c, \u017ce w tym wielkim imperium jest dla nich miejsce. A\u017c pewnego dnia wszystko zacz\u0119\u0142o si\u0119 zmienia\u0107. T\u0119 histori\u0119 mo\u017cna pozna\u0107 g\u0142\u0119biej podczas <strong>wycieczek po Armenii<\/strong>, s\u0142uchaj\u0105c opowie\u015bci przewodnik\u00f3w i mieszka\u0144c\u00f3w.<\/p>\n\n\n\n<h4 class=\"wp-block-heading\">Narodziny \u201eormia\u0144skiej sprawy&#8221;<\/h4>\n\n\n\n<p>Pod koniec XIX wieku Imperium Osma\u0144skie zacz\u0119\u0142o s\u0142abn\u0105\u0107. Traci\u0142o kolejne ziemie, a w\u0142adza szuka\u0142a winnych swoich pora\u017cek. Ormianie \u2013 lud wykszta\u0142cony, zamo\u017cny i zorganizowany \u2013 stali si\u0119 wygodnym celem. Tak narodzi\u0142a si\u0119 \u201eormia\u0144ska sprawa&#8221; \u2013 poj\u0119cie, kt\u00f3re pojawi\u0142o si\u0119 w europejskiej dyplomacji po wojnie rosyjsko-tureckiej w latach 1877\u20131878.<\/p>\n\n\n\n<p>W traktacie berli\u0144skim zapisano, \u017ce Ormianom nale\u017cy si\u0119 ochrona i reformy w prowincjach wschodnich imperium. Ale zamiast reform przysz\u0142a przemoc. Su\u0142tan Abdulhamid II odpowiedzia\u0142 pogromami. W latach 1894\u20131896, w tzw. masakrach hamidia\u0144skich, zgin\u0119\u0142o ponad 300 000 Ormian. \u015awiat patrzy\u0142, ale nic nie zrobi\u0142. To by\u0142 pierwszy znak, \u017ce czas pokoju dobiega ko\u0144ca.<\/p>\n\n\n\n<h4 class=\"wp-block-heading\">Wojna i zag\u0142ada<\/h4>\n\n\n\n<p>W 1914 roku wybuch\u0142a I wojna \u015bwiatowa. Imperium Osma\u0144skie stan\u0119\u0142o po stronie Niemiec, a jego armie walczy\u0142y z Rosj\u0105 \u2013 tam, gdzie od wiek\u00f3w mieszkali Ormianie. Wystarczy\u0142o jedno oskar\u017cenie o zdrad\u0119.<\/p>\n\n\n\n<p>24 kwietnia 1915 roku w Konstantynopolu aresztowano setki ormia\u0144skich intelektualist\u00f3w \u2013 duchownych, nauczycieli, pisarzy. Tego dnia rozpocz\u0119\u0142a si\u0119 zag\u0142ada narodu. Z miast i wsi p\u0119dzono kobiety, dzieci, starc\u00f3w w karawanach \u015bmierci przez pustynie Syrii. Wielu zmar\u0142o po drodze z g\u0142odu i pragnienia. Ci, kt\u00f3rzy dotarli do oboz\u00f3w w Der Zor, rzadko kiedy wychodzili z nich \u017cywi.<\/p>\n\n\n\n<p>\u015awiat zn\u00f3w milcza\u0142. Podczas <strong>wycieczek Armenia<\/strong> odwiedzaj\u0105cy mog\u0105 zobaczy\u0107 dokumenty i fotografie w muzeum ludob\u00f3jstwa przy memoriale Tsitsernakaberd \u2013 \u015bwiadectwa, kt\u00f3re m\u00f3wi\u0105 prawd\u0119.<\/p>\n\n\n\n<h4 class=\"wp-block-heading\">Op\u00f3r, zemsta i sprawiedliwo\u015b\u0107<\/h4>\n\n\n\n<p>Nie wszyscy jednak zgin\u0119li bez walki. Na g\u00f3rze Musa Dagh kilka tysi\u0119cy Ormian przez siedem tygodni stawia\u0142o op\u00f3r tureckiej armii. Gdy wydawa\u0142o si\u0119, \u017ce wszystko stracone, na horyzoncie pojawi\u0142y si\u0119 francuskie okr\u0119ty. Ocaleni z Musa Dagh stali si\u0119 symbolem odwagi i wiary w sens oporu.<\/p>\n\n\n\n<p>Po wojnie ci, kt\u00f3rzy prze\u017cyli, nie zapomnieli. Narodzi\u0142a si\u0119 Operacja Nemezis \u2013 tajna akcja ormia\u0144skich patriot\u00f3w, kt\u00f3rzy odnajdywali i karali sprawc\u00f3w ludob\u00f3jstwa. W 1921 roku w Berlinie Soghomon Tehliryan zastrzeli\u0142 Talaata Pasz\u0119, g\u0142\u00f3wnego organizatora zag\u0142ady. Na procesie powiedzia\u0142:<\/p>\n\n\n\n<p><em>\u201eNie mog\u0142em ju\u017c s\u0142ucha\u0107 ich krzyk\u00f3w w mojej g\u0142owie. Nie zabi\u0142em cz\u0142owieka, zabi\u0142em potwora, kt\u00f3ry jest winny za \u015bmier\u0107 1.500.000 Ormian&#8221;<\/em><\/p>\n\n\n\n<p>S\u0105d go uniewinni\u0142. \u015awiat po raz pierwszy zrozumia\u0142, \u017ce istniej\u0105 zbrodnie tak wielkie, i\u017c nie mo\u017cna ich s\u0105dzi\u0107 zwyk\u0142ymi miarami. T\u0119 histori\u0119 oporu i sprawiedliwo\u015bci mo\u017cna pozna\u0107 podczas <strong>wycieczek do Armenii<\/strong>, odwiedzaj\u0105c miejsca zwi\u0105zane z diaspor\u0105 ormia\u0144sk\u0105.<\/p>\n\n\n\n<h4 class=\"wp-block-heading\">S\u0142owo, kt\u00f3re zmieni\u0142o \u015bwiat<\/h4>\n\n\n\n<p>Kilka lat p\u00f3\u017aniej m\u0142ody prawnik z Polski, Rafa\u0142 Lemkin \u2013 Polak maj\u0105cy \u017cydowskie pochodzenie, wiedz\u0105c o losie Ormian oraz b\u0119d\u0105c na procesie Soghomona Tehliryana, stworzy\u0142 s\u0142owo, kt\u00f3rego dot\u0105d brakowa\u0142o \u2013 \u201eludob\u00f3jstwo&#8221; (genocide). Bo jak nazwa\u0107 zbrodni\u0119, kt\u00f3rej celem jest samo istnienie narodu?<\/p>\n\n\n\n<p>To dzi\u0119ki Lemkinowi, i dzi\u0119ki pami\u0119ci Ormian, \u015bwiat nauczy\u0142 si\u0119 m\u00f3wi\u0107 o tym, co wcze\u015bniej skrywa\u0142o milczenie. Ta historia jest cz\u0119\u015bci\u0105 narracji, kt\u00f3r\u0105 us\u0142yszysz podczas <strong>wycieczek po Armenii<\/strong> w muzeum ludob\u00f3jstwa.<\/p>\n\n\n\n<h4 class=\"wp-block-heading\">Pami\u0119\u0107, kt\u00f3ra trwa<\/h4>\n\n\n\n<p>Niekt\u00f3rzy z naszych przodk\u00f3w prze\u017cyli. Uciekali przez g\u00f3ry, g\u0142odni i bosi, a\u017c dotarli do Gruzji czy Egiptu. Nie\u015bli ze sob\u0105 niewiele \u2013 kilka fotografii, krzy\u017c, mo\u017ce gar\u015b\u0107 ziemi z rodzinnej wsi. Ale pami\u0119\u0107 \u2013 t\u0119 zabrali ca\u0142\u0105.<\/p>\n\n\n\n<p>Opowiadali, \u017ce \u015bwiat, kt\u00f3ry utracili, pachnia\u0142 chlebem, winem i morelami, \u017ce niedziele brzmia\u0142y d\u017awi\u0119kiem dzwon\u00f3w, a \u015bmiech dzieci odbija\u0142 si\u0119 od kamiennych mur\u00f3w ko\u015bcio\u0142\u00f3w. I cho\u0107 wszystko to sp\u0142on\u0119\u0142o, ich opowie\u015b\u0107 przetrwa\u0142a. Nie po to, by budzi\u0107 gniew. Ale po to, by uchroni\u0107 pami\u0119\u0107 przed zapomnieniem.<\/p>\n\n\n\n<p>Bo dop\u00f3ki m\u00f3wimy o tamtym \u015bwiecie \u2013 o jego pie\u015bniach, odwadze i cierpieniu \u2013 on nadal istnieje. W naszych s\u0142owach. W naszych sercach. Podczas <strong>wycieczek Armenia<\/strong> ka\u017cdy odwiedzaj\u0105cy mo\u017ce odda\u0107 ho\u0142d ofiarom przy wiecznym ogniu w Tsitsernakaberd i poczu\u0107 ci\u0119\u017car tej historii.<\/p>\n\n\n\n<h3 class=\"wp-block-heading\">Najcz\u0119\u015bciej zadawane pytania (FAQ)<\/h3>\n\n\n\n<p><strong>1. Czym by\u0142a \u201eormia\u0144ska sprawa&#8221;?<\/strong> By\u0142 to termin u\u017cywany w XIX wieku w dyplomacji europejskiej, oznaczaj\u0105cy kwesti\u0119 ochrony praw i bezpiecze\u0144stwa Ormian w Imperium Osma\u0144skim. Pocz\u0105tkowo chodzi\u0142o o reformy i r\u00f3wno\u015b\u0107 wobec prawa, jednak z czasem sta\u0142a si\u0119 pretekstem do prze\u015bladowa\u0144.<\/p>\n\n\n\n<p><strong>2. Kiedy rozpocz\u0119\u0142o si\u0119 Ludob\u00f3jstwo Ormian?<\/strong> Za jego symboliczny pocz\u0105tek uznaje si\u0119 24 kwietnia 1915 roku, kiedy w Konstantynopolu aresztowano setki ormia\u0144skich intelektualist\u00f3w.<\/p>\n\n\n\n<p><strong>3. Ilu Ormian zgin\u0119\u0142o podczas ludob\u00f3jstwa?<\/strong> Szacuje si\u0119, \u017ce zgin\u0119\u0142o od 1 do 1,5 miliona Ormian w wyniku deportacji, egzekucji i marsz\u00f3w \u015bmierci.<\/p>\n\n\n\n<p><strong>4. Czym by\u0142a obrona na g\u00f3rze Musa Dagh?<\/strong> By\u0142a to siedmiotygodniowa obrona kilku tysi\u0119cy Ormian, kt\u00f3rzy schronili si\u0119 na g\u00f3rze Musa Dagh w 1915 roku. Ocaleni zostali dzi\u0119ki francuskim okr\u0119tom, kt\u00f3re ewakuowa\u0142y ich do bezpiecznych miejsc.<\/p>\n\n\n\n<p><strong>5. Na czym polega\u0142a Operacja Nemezis?<\/strong> To tajna akcja ormia\u0144skich patriot\u00f3w w latach 1920\u20131922, maj\u0105ca na celu ukaranie g\u0142\u00f3wnych sprawc\u00f3w ludob\u00f3jstwa, w tym Talaata Paszy.<\/p>\n\n\n\n<p><strong>6. Kim by\u0142 Rafa\u0142 Lemkin i jaki mia\u0142 zwi\u0105zek z t\u0105 histori\u0105?<\/strong> Rafa\u0142 Lemkin, polski prawnik, stworzy\u0142 termin \u201eludob\u00f3jstwo&#8221; (genocide), inspirowany mi\u0119dzy innymi losem Ormian. Dzi\u0119ki niemu poj\u0119cie to wesz\u0142o do prawa mi\u0119dzynarodowego.<\/p>\n\n\n\n<p><strong>7. Czy mo\u017cna odwiedzi\u0107 miejsca pami\u0119ci podczas wycieczki do Armenii?<\/strong> Tak, ka\u017cda <strong>wycieczka do Armenii<\/strong> powinna obejmowa\u0107 wizyt\u0119 w memoriale Tsitsernakaberd w Erywaniu \u2013 g\u0142\u00f3wnym miejscu pami\u0119ci ofiar ludob\u00f3jstwa, z muzeum i wiecznym ogniem.<\/p>\n\n\n\n<h3 class=\"wp-block-heading\">\ud83d\udcda \u0179r\u00f3d\u0142a:<\/h3>\n\n\n\n<ul class=\"wp-block-list\">\n<li>Richard G. Hovannisian \u2013 The Armenian People from Ancient to Modern Times<\/li>\n\n\n\n<li>United States Holocaust Memorial Museum \u2013 The Armenian Genocide<\/li>\n\n\n\n<li>Encyclopedia Britannica \u2013 Armenian Question and Genocide<\/li>\n\n\n\n<li>Franz Werfel \u2013 The Forty Days of Musa Dagh<\/li>\n<\/ul>","protected":false},"excerpt":{"rendered":"<p>Ludob\u00f3jstwo Ormian 1915 \u2013 poruszaj\u0105ca historia narodu, kt\u00f3ry przetrwa\u0142. Poznaj prawd\u0119 podczas wycieczek Armenia, odwiedzaj\u0105c memoria\u0142 Tsitsernakaberd i miejsca pami\u0119ci.<\/p>","protected":false},"author":4,"featured_media":2396,"comment_status":"open","ping_status":"open","sticky":false,"template":"","format":"standard","meta":{"site-sidebar-layout":"default","site-content-layout":"","ast-site-content-layout":"default","site-content-style":"default","site-sidebar-style":"default","ast-global-header-display":"","ast-banner-title-visibility":"","ast-main-header-display":"","ast-hfb-above-header-display":"","ast-hfb-below-header-display":"","ast-hfb-mobile-header-display":"","site-post-title":"","ast-breadcrumbs-content":"","ast-featured-img":"","footer-sml-layout":"","theme-transparent-header-meta":"","adv-header-id-meta":"","stick-header-meta":"","header-above-stick-meta":"","header-main-stick-meta":"","header-below-stick-meta":"","astra-migrate-meta-layouts":"default","ast-page-background-enabled":"default","ast-page-background-meta":{"desktop":{"background-color":"var(--ast-global-color-5)","background-image":"","background-repeat":"repeat","background-position":"center center","background-size":"auto","background-attachment":"scroll","background-type":"","background-media":"","overlay-type":"","overlay-color":"","overlay-opacity":"","overlay-gradient":""},"tablet":{"background-color":"","background-image":"","background-repeat":"repeat","background-position":"center center","background-size":"auto","background-attachment":"scroll","background-type":"","background-media":"","overlay-type":"","overlay-color":"","overlay-opacity":"","overlay-gradient":""},"mobile":{"background-color":"","background-image":"","background-repeat":"repeat","background-position":"center center","background-size":"auto","background-attachment":"scroll","background-type":"","background-media":"","overlay-type":"","overlay-color":"","overlay-opacity":"","overlay-gradient":""}},"ast-content-background-meta":{"desktop":{"background-color":"var(--ast-global-color-4)","background-image":"","background-repeat":"repeat","background-position":"center center","background-size":"auto","background-attachment":"scroll","background-type":"","background-media":"","overlay-type":"","overlay-color":"","overlay-opacity":"","overlay-gradient":""},"tablet":{"background-color":"var(--ast-global-color-4)","background-image":"","background-repeat":"repeat","background-position":"center center","background-size":"auto","background-attachment":"scroll","background-type":"","background-media":"","overlay-type":"","overlay-color":"","overlay-opacity":"","overlay-gradient":""},"mobile":{"background-color":"var(--ast-global-color-4)","background-image":"","background-repeat":"repeat","background-position":"center center","background-size":"auto","background-attachment":"scroll","background-type":"","background-media":"","overlay-type":"","overlay-color":"","overlay-opacity":"","overlay-gradient":""}},"footnotes":""},"categories":[53],"tags":[],"class_list":["post-2947","post","type-post","status-publish","format-standard","has-post-thumbnail","hentry","category-armenia-gruzja"],"_links":{"self":[{"href":"https:\/\/armeniacatour.com\/uk\/wp-json\/wp\/v2\/posts\/2947","targetHints":{"allow":["GET"]}}],"collection":[{"href":"https:\/\/armeniacatour.com\/uk\/wp-json\/wp\/v2\/posts"}],"about":[{"href":"https:\/\/armeniacatour.com\/uk\/wp-json\/wp\/v2\/types\/post"}],"author":[{"embeddable":true,"href":"https:\/\/armeniacatour.com\/uk\/wp-json\/wp\/v2\/users\/4"}],"replies":[{"embeddable":true,"href":"https:\/\/armeniacatour.com\/uk\/wp-json\/wp\/v2\/comments?post=2947"}],"version-history":[{"count":0,"href":"https:\/\/armeniacatour.com\/uk\/wp-json\/wp\/v2\/posts\/2947\/revisions"}],"wp:featuredmedia":[{"embeddable":true,"href":"https:\/\/armeniacatour.com\/uk\/wp-json\/wp\/v2\/media\/2396"}],"wp:attachment":[{"href":"https:\/\/armeniacatour.com\/uk\/wp-json\/wp\/v2\/media?parent=2947"}],"wp:term":[{"taxonomy":"category","embeddable":true,"href":"https:\/\/armeniacatour.com\/uk\/wp-json\/wp\/v2\/categories?post=2947"},{"taxonomy":"post_tag","embeddable":true,"href":"https:\/\/armeniacatour.com\/uk\/wp-json\/wp\/v2\/tags?post=2947"}],"curies":[{"name":"wp","href":"https:\/\/api.w.org\/{rel}","templated":true}]}}